{"id":22683,"date":"2026-09-02T14:19:18","date_gmt":"2026-09-02T12:19:18","guid":{"rendered":"https:\/\/home.ticketalcoi.com\/teatram-mostra-de-teatre-amateur-dalcoi-2026\/"},"modified":"2026-09-02T14:33:10","modified_gmt":"2026-09-02T12:33:10","slug":"teatram-mostra-de-teatre-amateur-dalcoi-2026","status":"publish","type":"post","link":"https:\/\/home.ticketalcoi.com\/ca\/teatram-mostra-de-teatre-amateur-dalcoi-2026\/","title":{"rendered":"TEATRAM -Mostra de teatre amateur d&#8217;Alcoi &#8211; 2026"},"content":{"rendered":"\n<p>La Mostra de Teatre Amateur <strong>TEATRAM <\/strong>torna el 2026 amb una nova edici\u00f3 que reivindica el talent, la passi\u00f3 i la capacitat creativa de les companyies de teatre no professional. Una cita que converteix els escenaris d\u2019Alcoi en punt de trobada per a propostes esc\u00e8niques diverses, de qualitat i amb una marcada personalitat.<\/p>\n\n\n\n<p>TEATRAM 2026 presenta quatre espectacles molt diferents entre si, per\u00f2 units per una mateixa vocaci\u00f3: demostrar que el teatre amateur \u00e9s molt m\u00e9s que una afici\u00f3. \u00c9s tamb\u00e9 comprom\u00eds, formaci\u00f3, creativitat i una manera d\u2019entendre les arts esc\u00e8niques des de la passi\u00f3 i el treball col\u00b7lectiu.<\/p>\n\n\n\n<p>La programaci\u00f3 comen\u00e7ar\u00e0 el <strong>4 d\u2019octubre al Teatre Principal<\/strong> amb <a href=\"https:\/\/home.ticketalcoi.com\/ca\/eventos\/teatram-jachas-teatro-las-horas-serenas\/\" target=\"_blank\" rel=\"noreferrer noopener\"><em>Las horas serenas<\/em>, de <strong>Jachas Teatro<\/strong><\/a>, una proposta que s\u2019endinsa en els territoris de la mem\u00f2ria, la identitat, l\u2019autoria i la veritat a trav\u00e9s de la figura de <strong>Mar\u00eda de la O Lej\u00e1rraga<\/strong>. Una obra que planteja una reflexi\u00f3 sobre la necessitat d\u2019investigar, con\u00e9ixer i reparar per poder mirar de cara all\u00f2 que durant massa temps va romandre ocult.<\/p>\n\n\n\n<figure class=\"wp-block-image size-large\"><img loading=\"lazy\" width=\"1024\" height=\"640\" src=\"https:\/\/home.ticketalcoi.com\/wp-content\/uploads\/2026\/09\/JACHAS-TEATRO_LAS-HORAS-SERENAS_F1-1024x640.jpg\" alt=\"\" class=\"wp-image-22674\" srcset=\"https:\/\/home.ticketalcoi.com\/wp-content\/uploads\/2026\/09\/JACHAS-TEATRO_LAS-HORAS-SERENAS_F1-1024x640.jpg 1024w, https:\/\/home.ticketalcoi.com\/wp-content\/uploads\/2026\/09\/JACHAS-TEATRO_LAS-HORAS-SERENAS_F1-300x188.jpg 300w, https:\/\/home.ticketalcoi.com\/wp-content\/uploads\/2026\/09\/JACHAS-TEATRO_LAS-HORAS-SERENAS_F1-768x480.jpg 768w, https:\/\/home.ticketalcoi.com\/wp-content\/uploads\/2026\/09\/JACHAS-TEATRO_LAS-HORAS-SERENAS_F1-1536x960.jpg 1536w, https:\/\/home.ticketalcoi.com\/wp-content\/uploads\/2026\/09\/JACHAS-TEATRO_LAS-HORAS-SERENAS_F1-2048x1280.jpg 2048w, https:\/\/home.ticketalcoi.com\/wp-content\/uploads\/2026\/09\/JACHAS-TEATRO_LAS-HORAS-SERENAS_F1-400x250.jpg 400w, https:\/\/home.ticketalcoi.com\/wp-content\/uploads\/2026\/09\/JACHAS-TEATRO_LAS-HORAS-SERENAS_F1-1080x675.jpg 1080w\" sizes=\"(max-width: 1024px) 100vw, 1024px\" \/><figcaption>Las horas serenas<\/figcaption><\/figure>\n\n\n\n<p>El <strong>30 d\u2019octubre<\/strong>, tamb\u00e9 al Teatre Principal, arribar\u00e0 <a href=\"https:\/\/home.ticketalcoi.com\/ca\/eventos\/teatram-taller-de-teatro-maru-jasp-el-manual-de-la-buena-esposa\/\" target=\"_blank\" rel=\"noreferrer noopener\"><em>El manual de la buena esposa<\/em>, del <strong>Taller de Teatro Maru-Jasp<\/strong><\/a>. Des de la com\u00e8dia, l\u2019espectacle proposa un viatge a la postguerra espanyola per acostar-se a les vides, els somnis, les pors i les contradiccions de les dones d\u2019aquella \u00e8poca. Mares, \u00e0vies, ve\u00efnes, adolescents, modistes o n\u00f3vies casadores apareixen en una mirada que recupera la mem\u00f2ria quotidiana d\u2019unes generacions marcades per la fam, la r\u00e0dio, les normes socials i el control sobre les dones.<\/p>\n\n\n\n<figure class=\"wp-block-image size-large\"><img loading=\"lazy\" width=\"1024\" height=\"512\" src=\"https:\/\/home.ticketalcoi.com\/wp-content\/uploads\/2026\/09\/ban-manual-de-la-buena-esposa-1024x512.jpg\" alt=\"\" class=\"wp-image-22676\" srcset=\"https:\/\/home.ticketalcoi.com\/wp-content\/uploads\/2026\/09\/ban-manual-de-la-buena-esposa-1024x512.jpg 1024w, https:\/\/home.ticketalcoi.com\/wp-content\/uploads\/2026\/09\/ban-manual-de-la-buena-esposa-300x150.jpg 300w, https:\/\/home.ticketalcoi.com\/wp-content\/uploads\/2026\/09\/ban-manual-de-la-buena-esposa-768x384.jpg 768w, https:\/\/home.ticketalcoi.com\/wp-content\/uploads\/2026\/09\/ban-manual-de-la-buena-esposa.jpg 1080w\" sizes=\"(max-width: 1024px) 100vw, 1024px\" \/><figcaption>El manual de la buena esposa<\/figcaption><\/figure>\n\n\n\n<p>El <strong>28 de novembre<\/strong>, el <strong>Teatre Calder\u00f3n<\/strong> acollir\u00e0 <a href=\"https:\/\/home.ticketalcoi.com\/ca\/eventos\/teatram-teatro-de-las-esquinas-marat-sade\/\" target=\"_blank\" rel=\"noreferrer noopener\"><em>MARAT-SADE<\/em>, del <strong>Teatro de las Esquinas<\/strong><\/a>, una de les grans obres del teatre pol\u00edtic contemporani. Ambientada en el context de la Revoluci\u00f3 Francesa, la pe\u00e7a recrea l\u2019assassinat de Jean-Paul Marat a trav\u00e9s d\u2019una representaci\u00f3 preparada pel marqu\u00e9s de Sade i els interns del manicomi de Charenton. L\u2019enfrontament entre tots dos personatges serveix per plantejar un debat que transcendeix la hist\u00f2ria i aborda q\u00fcestions universals com la revoluci\u00f3, el poder, la llibertat i la condici\u00f3 humana, en un muntatge que combina interpretaci\u00f3 i m\u00fasica.<\/p>\n\n\n\n<figure class=\"wp-block-image size-large\"><img loading=\"lazy\" width=\"1024\" height=\"512\" src=\"https:\/\/home.ticketalcoi.com\/wp-content\/uploads\/2026\/09\/ban-maratsade-1024x512.jpg\" alt=\"\" class=\"wp-image-22678\" srcset=\"https:\/\/home.ticketalcoi.com\/wp-content\/uploads\/2026\/09\/ban-maratsade-1024x512.jpg 1024w, https:\/\/home.ticketalcoi.com\/wp-content\/uploads\/2026\/09\/ban-maratsade-300x150.jpg 300w, https:\/\/home.ticketalcoi.com\/wp-content\/uploads\/2026\/09\/ban-maratsade-768x384.jpg 768w, https:\/\/home.ticketalcoi.com\/wp-content\/uploads\/2026\/09\/ban-maratsade.jpg 1080w\" sizes=\"(max-width: 1024px) 100vw, 1024px\" \/><figcaption>Marat-Sade<\/figcaption><\/figure>\n\n\n\n<p>Quatre espectacles, quatre mirades i quatre maneres diferents d\u2019entendre el fet teatral conformen una programaci\u00f3 pensada per <strong>celebrar el teatre amateur i acostar-lo a tota mena de p\u00fablics<\/strong>.<\/p>\n\n\n\n<p>TEATRAM torna aix\u00ed a reivindicar l\u2019escenari com un espai de trobada, aprenentatge i expressi\u00f3 art\u00edstica, i demostra que darrere de cada companyia amateur hi ha hores d\u2019assaig, esfor\u00e7, il\u00b7lusi\u00f3 i, sobretot, un profund amor pel teatre.<\/p>\n\n\n\n<p>La Mostra es tancar\u00e0 el <strong>12 de desembre<\/strong>, novament al Teatre Calder\u00f3n, amb una proposta de gran format: <a rel=\"noreferrer noopener\" href=\"https:\/\/home.ticketalcoi.com\/ca\/eventos\/teatram-cia-telon-aparte-beetlejuice\/\" target=\"_blank\"><em>Beetlejuice<\/em>, de la <strong>Cia. Tel\u00f3n Aparte<\/strong><\/a>. El popular univers creat a partir de la pel\u00b7l\u00edcula de 1988 arriba a l\u2019escenari convertit en un musical ple d\u2019humor, fantasia i situacions disparatades. La hist\u00f2ria de Lydia Deetz i del peculiar bioexorcista Beetlejuice donar\u00e0 lloc a un espectacle pensat per a p\u00fablics a partir de 10 anys, amb m\u00fasica i lletres d\u2019Eddie Perfect i llibret de Scott Brown i Anthony King.<\/p>\n\n\n\n<figure class=\"wp-block-image size-large\"><img loading=\"lazy\" width=\"1024\" height=\"512\" src=\"https:\/\/home.ticketalcoi.com\/wp-content\/uploads\/2026\/09\/Diseno-sin-titulo-1-1024x512.jpg\" alt=\"\" class=\"wp-image-22680\" srcset=\"https:\/\/home.ticketalcoi.com\/wp-content\/uploads\/2026\/09\/Diseno-sin-titulo-1-1024x512.jpg 1024w, https:\/\/home.ticketalcoi.com\/wp-content\/uploads\/2026\/09\/Diseno-sin-titulo-1-300x150.jpg 300w, https:\/\/home.ticketalcoi.com\/wp-content\/uploads\/2026\/09\/Diseno-sin-titulo-1-768x384.jpg 768w, https:\/\/home.ticketalcoi.com\/wp-content\/uploads\/2026\/09\/Diseno-sin-titulo-1.jpg 1080w\" sizes=\"(max-width: 1024px) 100vw, 1024px\" \/><figcaption>Beetlejuice<\/figcaption><\/figure>\n\n\n\n<p>Quatre espectacles, quatre mirades i quatre maneres diferents d\u2019entendre el fet teatral conformen una programaci\u00f3 pensada per <strong>celebrar el teatre amateur i acostar-lo a tota mena de p\u00fablics<\/strong>.<\/p>\n\n\n\n<p>TEATRAM torna aix\u00ed a reivindicar l\u2019escenari com un espai de trobada, aprenentatge i expressi\u00f3 art\u00edstica, i demostra que darrere de cada companyia amateur hi ha hores d\u2019assaig, esfor\u00e7, il\u00b7lusi\u00f3 i, sobretot, un profund amor pel teatre.<\/p>\n\n\n\n<p><\/p>\n","protected":false},"excerpt":{"rendered":"<p>La Mostra de Teatre Amateur TEATRAM torna el 2026 amb una nova edici\u00f3 que reivindica el talent, la passi\u00f3 i la capacitat creativa de les companyies de teatre no professional. Una cita que converteix els escenaris d\u2019Alcoi en punt de trobada per a propostes esc\u00e8niques diverses, de qualitat i amb una marcada personalitat. TEATRAM 2026 [&hellip;]<\/p>\n","protected":false},"author":134,"featured_media":22671,"comment_status":"closed","ping_status":"closed","sticky":false,"template":"","format":"standard","meta":[],"categories":[243],"tags":[],"_links":{"self":[{"href":"https:\/\/home.ticketalcoi.com\/ca\/wp-json\/wp\/v2\/posts\/22683"}],"collection":[{"href":"https:\/\/home.ticketalcoi.com\/ca\/wp-json\/wp\/v2\/posts"}],"about":[{"href":"https:\/\/home.ticketalcoi.com\/ca\/wp-json\/wp\/v2\/types\/post"}],"author":[{"embeddable":true,"href":"https:\/\/home.ticketalcoi.com\/ca\/wp-json\/wp\/v2\/users\/134"}],"replies":[{"embeddable":true,"href":"https:\/\/home.ticketalcoi.com\/ca\/wp-json\/wp\/v2\/comments?post=22683"}],"version-history":[{"count":2,"href":"https:\/\/home.ticketalcoi.com\/ca\/wp-json\/wp\/v2\/posts\/22683\/revisions"}],"predecessor-version":[{"id":22686,"href":"https:\/\/home.ticketalcoi.com\/ca\/wp-json\/wp\/v2\/posts\/22683\/revisions\/22686"}],"wp:featuredmedia":[{"embeddable":true,"href":"https:\/\/home.ticketalcoi.com\/ca\/wp-json\/wp\/v2\/media\/22671"}],"wp:attachment":[{"href":"https:\/\/home.ticketalcoi.com\/ca\/wp-json\/wp\/v2\/media?parent=22683"}],"wp:term":[{"taxonomy":"category","embeddable":true,"href":"https:\/\/home.ticketalcoi.com\/ca\/wp-json\/wp\/v2\/categories?post=22683"},{"taxonomy":"post_tag","embeddable":true,"href":"https:\/\/home.ticketalcoi.com\/ca\/wp-json\/wp\/v2\/tags?post=22683"}],"curies":[{"name":"wp","href":"https:\/\/api.w.org\/{rel}","templated":true}]}}