{"id":21168,"date":"2025-12-10T15:15:44","date_gmt":"2025-12-10T13:15:44","guid":{"rendered":"https:\/\/home.ticketalcoi.com\/programacio-darts-esceniques-i-musica-al-teatre-calderon-dalcoi-gener-abril-2026\/"},"modified":"2025-12-10T15:17:05","modified_gmt":"2025-12-10T13:17:05","slug":"programacio-darts-esceniques-i-musica-al-teatre-calderon-dalcoi-gener-abril-2026","status":"publish","type":"post","link":"https:\/\/home.ticketalcoi.com\/ca\/programacio-darts-esceniques-i-musica-al-teatre-calderon-dalcoi-gener-abril-2026\/","title":{"rendered":"Programaci\u00f3 d&#8217;Arts Esc\u00e8niques i M\u00fasica al Teatre Calder\u00f3n d&#8217;Alcoi (gener-abril 2026)"},"content":{"rendered":"\n<p><a href=\"https:\/\/www.alcoi.org\/export\/sites\/default\/es\/areas\/cultura\/cca\/descargas\/Programa-GENER-ABRIL-2026.pdf\" target=\"_blank\" rel=\"noreferrer noopener\">Descarregar Programa PDF<\/a><\/p>\n\n<p>L\u2019\u00c0rea de Cultura de l\u2019Ajuntament d\u2019Alcoi ha presentat la programaci\u00f3 d\u2019arts esc\u00e8niques i m\u00fasica del Teatre Calder\u00f3n per als mesos de gener a abril de 2026, una temporada que combina grans produccions, artistes de reconegut prestigi, espectacles familiars i propostes contempor\u00e0nies que situen Alcoi com un dels pols culturals m\u00e9s actius del territori valenci\u00e0.<\/p>\n\n<p><strong>M\u00fasica i grans produccions per obertura de temporada<\/strong><\/p>\n\n<p>La temporada s\u2019inicia el 3 de gener amb el tradicional <em><strong>Concert d\u2019Any Nou<\/strong><\/em> ,de l\u2019Associaci\u00f3 d\u2019Amics de la M\u00fasica, a c\u00e0rrec de la European Strauss International Orchestra, dirigida per Francesc Est\u00e9vez. Un programa brillant amb obres de Johann i Josep Strauss i altres cl\u00e0ssics del repertori vien\u00e9s.<\/p>\n\n<p>El 30 de gener, el Ballet Cl\u00e0ssic Internacional puja a l\u2019escenari amb <em><strong>El trencanous<\/strong><\/em>, una producci\u00f3 d\u2019alta qualitat art\u00edstica basada en la coreografia original de Petipa i Ivanov i m\u00fasica de Txaikovsky, amb la participaci\u00f3 d\u2019escoles de dansa d\u2019Alcoi.<\/p>\n\n<p>El 31 de gener, la dramat\u00fargia contempor\u00e0nia arriba amb for\u00e7a amb<em><strong>Viejos tiempos<\/strong><\/em>, del Teatro de La Abad\u00eda i Entrecajas Producciones Teatrales, dirigida per Beatriz Arg\u00fcello i amb un repartiment estel\u00b7lar encap\u00e7alat per Ernesto Alterio.<\/p>\n\n<p><strong>Propostes familiars i per a tots els p\u00fablics<\/strong><\/p>\n\n<p>El 22 de gener la companya La Mec\u00e0nica proposa <em><strong>Odissees<\/strong><\/em>, un espectacle de teatre immersiu multim\u00e8dia dirigit a p\u00fablic jove que explora temes com la identitat, les tecnologies i les relacions personals dels joves. Hi haur\u00e0una sessi\u00f3 matinal concertada amb centres educatius.<\/p>\n\n<p>L\u20191 de febrer, la companyia Animal Religion presenta <em><strong>Copiar<\/strong><\/em>, Premi FETEN 2025 a Millor Espectacle Immersiu: un muntatge participatiu, juganer i sorprenent que compta amb la intervenci\u00f3 del p\u00fablic sobre l\u2019escenari.<\/p>\n\n<p>El 15 de febrer, L\u2019Horta Teatre estrena a Alcoi <em><strong>Postals<\/strong><\/em>, una com\u00e8dia musical que recorre la transformaci\u00f3 del turisme des dels anys 70 fins hui, amb humor, mem\u00f2ria i cr\u00edtica social.<\/p>\n\n<p>El 28 de febrer \u00e9s el torn de Aracaladanza amb <em><strong>Va de Bach<\/strong><\/em>, Premi TALIA 2025 a la Millor Escenografia, una pe\u00e7a de dansa contempor\u00e0nia familiar inspirada en l\u2019univers creatiu del compositor.<\/p>\n\n<p><strong>Grans esdeveniments musicals al mar\u00e7 i abril<\/strong><\/p>\n\n<p>El 19 de mar\u00e7, Amics de la M\u00fasica d\u2019Alcoi porta al Calder\u00f3n a la St. George Symphony Orchestra i la Coral Crevillentina amb la quarta edici\u00f3 del concert <em><strong>Grandes Bandas Sonoras<\/strong><\/em>, un recorregut emocionant per la m\u00fasica de Morricone, Vangelis, John Williams o Barry, culminant amb una selecci\u00f3 de Carmina Burana.<\/p>\n\n<p>El 12 d\u2019abril, la mateixa orquestra oferir\u00e0 <em><strong>Wagner Immortal<\/strong><\/em>, un programa monumental dedicat al compositor alemany.<\/p>\n\n<p><strong>Dansa i teatre de creaci\u00f3 contempor\u00e0nia<\/strong><\/p>\n\n<p>El 7 de mar\u00e7, la reconeguda core\u00f2grafa alcoiana Sol Pic\u00f3 presenta <em><strong>La Cordero i el seu ex\u00e8rcit<\/strong><\/em>, una pe\u00e7a d\u2019alt voltatge f\u00edsic i emocional que combina dansa contempor\u00e0nia, flamenc i simbolisme apocal\u00edptic.<\/p>\n\n<p>El 13 de mar\u00e7, el p\u00fablic familiar gaudir\u00e0 de <em><strong>La Maestra<\/strong><\/em>, de Anita Maravillas, premiada a FETEN 2024 per la seua sensibilitat, bellesa esc\u00e8nica i capacitat per transmetre valors de conviv\u00e8ncia i llibertat.<\/p>\n\n<p>El 21 de mar\u00e7, l\u2019actor i humorista Edu Soto presenta <em><strong>Wanted (Se busca)<\/strong><\/em>, una proposta teatral de gran \u00e8xit que combina humor absurd, m\u00fasica i improvisaci\u00f3.<\/p>\n\n<p>El 27 de mar\u00e7, el duo Ual\u00b7la porta <em><strong>Nozing<\/strong><\/em>, un espectacle musical i humor\u00edstic fresc, creatiu i sorprenent amb motiu del Dia Internacional del Teatre.<\/p>\n\n<p>L\u201911 d\u2019abril, la companyia La Maquin\u00e9 presenta <em><strong>\u00a1Soy salvaje!<\/strong><\/em>, un muntatge familiar amb m\u00fasica en directe i un imaginari visual poder\u00f3s.<\/p>\n\n<p>El Teatre Calder\u00f3n torna a refor\u00e7ar la seua aposta per una cultura accessible, de qualitat i oberta a totes les disciplines: m\u00fasica, teatre, dansa i espectacles familiars.<\/p>\n\n<p>L\u2019Ajuntament d\u2019Alcoi convida la ciutadania a gaudir d\u2019una temporada vibrant i plena de propostes pensades per emocionar, fer pensar i compartir cultura.<\/p>\n\n<p>Totes les entrades estaran disponibles a www.ticketalcoi.com i en la taquilla del teatre.<\/p>\n","protected":false},"excerpt":{"rendered":"<p>Descarregar Programa PDF L\u2019\u00c0rea de Cultura de l\u2019Ajuntament d\u2019Alcoi ha presentat la programaci\u00f3 d\u2019arts esc\u00e8niques i m\u00fasica del Teatre Calder\u00f3n per als mesos de gener a abril de 2026, una temporada que combina grans produccions, artistes de reconegut prestigi, espectacles familiars i propostes contempor\u00e0nies que situen Alcoi com un dels pols culturals m\u00e9s actius del [&hellip;]<\/p>\n","protected":false},"author":134,"featured_media":21166,"comment_status":"closed","ping_status":"","sticky":false,"template":"","format":"standard","meta":[],"categories":[243],"tags":[],"_links":{"self":[{"href":"https:\/\/home.ticketalcoi.com\/ca\/wp-json\/wp\/v2\/posts\/21168"}],"collection":[{"href":"https:\/\/home.ticketalcoi.com\/ca\/wp-json\/wp\/v2\/posts"}],"about":[{"href":"https:\/\/home.ticketalcoi.com\/ca\/wp-json\/wp\/v2\/types\/post"}],"author":[{"embeddable":true,"href":"https:\/\/home.ticketalcoi.com\/ca\/wp-json\/wp\/v2\/users\/134"}],"replies":[{"embeddable":true,"href":"https:\/\/home.ticketalcoi.com\/ca\/wp-json\/wp\/v2\/comments?post=21168"}],"version-history":[{"count":1,"href":"https:\/\/home.ticketalcoi.com\/ca\/wp-json\/wp\/v2\/posts\/21168\/revisions"}],"predecessor-version":[{"id":21169,"href":"https:\/\/home.ticketalcoi.com\/ca\/wp-json\/wp\/v2\/posts\/21168\/revisions\/21169"}],"wp:featuredmedia":[{"embeddable":true,"href":"https:\/\/home.ticketalcoi.com\/ca\/wp-json\/wp\/v2\/media\/21166"}],"wp:attachment":[{"href":"https:\/\/home.ticketalcoi.com\/ca\/wp-json\/wp\/v2\/media?parent=21168"}],"wp:term":[{"taxonomy":"category","embeddable":true,"href":"https:\/\/home.ticketalcoi.com\/ca\/wp-json\/wp\/v2\/categories?post=21168"},{"taxonomy":"post_tag","embeddable":true,"href":"https:\/\/home.ticketalcoi.com\/ca\/wp-json\/wp\/v2\/tags?post=21168"}],"curies":[{"name":"wp","href":"https:\/\/api.w.org\/{rel}","templated":true}]}}