{"id":20062,"date":"2025-05-22T18:24:34","date_gmt":"2025-05-22T16:24:34","guid":{"rendered":"https:\/\/home.ticketalcoi.com\/horaris-de-taquilla-de-la-mostra-de-teatre-2025\/"},"modified":"2025-05-22T18:37:07","modified_gmt":"2025-05-22T16:37:07","slug":"horaris-de-taquilla-de-la-mostra-de-teatre-2025","status":"publish","type":"post","link":"https:\/\/home.ticketalcoi.com\/ca\/horaris-de-taquilla-de-la-mostra-de-teatre-2025\/","title":{"rendered":"Horaris de taquilla de la Mostra de Teatre 2025"},"content":{"rendered":"\n<p>La taquilla f\u00edsica central est\u00e0 al Teatre Calder\u00f3n. Durant el dies entre el 26 i el 29 de maig l\u2019horari ser\u00e0 el seg\u00fcent:<\/p>\n\n\n\n<p><strong>d\u201911 a 13.30 h i de 18.30 h a 22.30 h<\/strong><\/p>\n\n\n\n<p>Les entrades per a p\u00fablic general corresponen als espectacles al Teatre Calder\u00f3n i Teatre Principal.<\/p>\n\n\n\n<p>N\u2019hi ha cinc funcions gratu\u00eftes a l\u2019aire lliure a la Pla\u00e7a de Dins i al pati de l\u2019IVAM CADA<\/p>\n\n\n\n<p>El p\u00fablic interessat en assistir a les funcions al Centre Cultural Mario Silvestre i Teatre Salesians cal que escriguen un mail a mostrateatrealcoi@gmail.com<\/p>\n\n\n\n<p>El dimecres 28 i dijous 29 a les 12 de la nit hi han funcions gratu\u00eftes al Pub l\u2019Escenari (Pla\u00e7a de la Conc\u00f2rdia,2) limitades a la capacitat de la sala<\/p>\n\n\n\n<p>La venda d\u2019entrades per internet es realitza en ticketalcoi.com<\/p>\n","protected":false},"excerpt":{"rendered":"<p>La taquilla f\u00edsica central est\u00e0 al Teatre Calder\u00f3n. Durant el dies entre el 26 i el 29 de maig l\u2019horari ser\u00e0 el seg\u00fcent: d\u201911 a 13.30 h i de 18.30 h a 22.30 h Les entrades per a p\u00fablic general corresponen als espectacles al Teatre Calder\u00f3n i Teatre Principal. N\u2019hi ha cinc funcions gratu\u00eftes a [&hellip;]<\/p>\n","protected":false},"author":134,"featured_media":20060,"comment_status":"closed","ping_status":"closed","sticky":false,"template":"","format":"standard","meta":[],"categories":[243],"tags":[],"_links":{"self":[{"href":"https:\/\/home.ticketalcoi.com\/ca\/wp-json\/wp\/v2\/posts\/20062"}],"collection":[{"href":"https:\/\/home.ticketalcoi.com\/ca\/wp-json\/wp\/v2\/posts"}],"about":[{"href":"https:\/\/home.ticketalcoi.com\/ca\/wp-json\/wp\/v2\/types\/post"}],"author":[{"embeddable":true,"href":"https:\/\/home.ticketalcoi.com\/ca\/wp-json\/wp\/v2\/users\/134"}],"replies":[{"embeddable":true,"href":"https:\/\/home.ticketalcoi.com\/ca\/wp-json\/wp\/v2\/comments?post=20062"}],"version-history":[{"count":4,"href":"https:\/\/home.ticketalcoi.com\/ca\/wp-json\/wp\/v2\/posts\/20062\/revisions"}],"predecessor-version":[{"id":20068,"href":"https:\/\/home.ticketalcoi.com\/ca\/wp-json\/wp\/v2\/posts\/20062\/revisions\/20068"}],"wp:featuredmedia":[{"embeddable":true,"href":"https:\/\/home.ticketalcoi.com\/ca\/wp-json\/wp\/v2\/media\/20060"}],"wp:attachment":[{"href":"https:\/\/home.ticketalcoi.com\/ca\/wp-json\/wp\/v2\/media?parent=20062"}],"wp:term":[{"taxonomy":"category","embeddable":true,"href":"https:\/\/home.ticketalcoi.com\/ca\/wp-json\/wp\/v2\/categories?post=20062"},{"taxonomy":"post_tag","embeddable":true,"href":"https:\/\/home.ticketalcoi.com\/ca\/wp-json\/wp\/v2\/tags?post=20062"}],"curies":[{"name":"wp","href":"https:\/\/api.w.org\/{rel}","templated":true}]}}